{"id":2523,"date":"2018-03-13T15:35:37","date_gmt":"2018-03-13T18:35:37","guid":{"rendered":"http:\/\/www.fototallermg.com.ar\/?p=2523"},"modified":"2018-03-20T15:23:13","modified_gmt":"2018-03-20T18:23:13","slug":"charla-de-pepe-mateos","status":"publish","type":"post","link":"https:\/\/www.fototallermg.com.ar\/?p=2523","title":{"rendered":"Charla de Pepe Mateos"},"content":{"rendered":"<div style=\"width: 480px;\" class=\"wp-video\"><!--[if lt IE 9]><script>document.createElement('video');<\/script><![endif]-->\n<video class=\"wp-video-shortcode\" id=\"video-2523-1\" width=\"480\" height=\"270\" preload=\"metadata\" controls=\"controls\"><source type=\"video\/mp4\" src=\"http:\/\/www.fototallermg.com.ar\/wp-content\/uploads\/2018\/03\/2018-03-20-VIDEO-00000180.mp4?_=1\" \/><a href=\"http:\/\/www.fototallermg.com.ar\/wp-content\/uploads\/2018\/03\/2018-03-20-VIDEO-00000180.mp4\">http:\/\/www.fototallermg.com.ar\/wp-content\/uploads\/2018\/03\/2018-03-20-VIDEO-00000180.mp4<\/a><\/video><\/div>\n<p>&nbsp;<\/p>\n<p>El S\u00e1bado 17 de marzo a las 17 hs Pepe Mateos har\u00e1izo un recorrido por su trabajo en el fotoperiodismo argentino y un debate sobre la actualidad de la fotografia.<\/p>\n<p>Pepe Mateos, Luj\u00e1n 1959<\/p>\n<p>Fotografo, entre 1984 y 1986 estudi\u00f3 cine en el Instituto de Arte Cinematogr\u00e1fico de Avellaneda.<\/p>\n<p>En 1987 comenz\u00f3 a trabajar como fot\u00f3grafo en \u201cEl diario del Neuqu\u00e9n\u201d, de la provincia de Neuqu\u00e9n.<\/p>\n<p>En 1989 particip\u00f3 en el Taller de fotograf\u00eda documental de La Plata, dictado por un grupo de fot\u00f3grafos internacionalmente reconocidos entre los que estaban Susan Meiselas, Abbas y Sebastiao Salgado.<\/p>\n<p>Trabaj\u00f3 en forma independiente para diferentes publicaciones (entre ellas \u00abdiario R\u00edo Negro\u00bb,revista \u00abAcci\u00f3n\u00bb, \u00abLa Vanguardia\u00bb, etc\u2026) .<br \/>\n<span class=\"text_exposed_show\"><br \/>\nDesde 1992 hasta 2016 fue fotografo y editor en el departamento de fotograf\u00eda del diario Clar\u00edn.<\/span><\/p>\n<p>En 2003 recibi\u00f3 el premio \u00abRodolfo Walsh\u00bb a la Labor Period\u00edstica de la Universidad de La Plata por la cobertura de los hechos del 26 de Junio del 2002 en la estaci\u00f3n de Avellaneda, (asesinatos de Maximiliano Kosteki y Dar\u00edo Santill\u00e1n).<\/p>\n<p>Docente de Fotoperiodismo en la escuela de fotograf\u00eda de Avellaneda<\/p>\n<p>Muestras individuales<\/p>\n<p>1997 \u00abVamo`los stones\u00bb<\/p>\n<p>Bar El Mirador,Buenos Aires<\/p>\n<p>1998 \u00abLun\u00e1tica\u00bb<\/p>\n<p>Galer\u00eda El Viajero,Buenos Aires<\/p>\n<p>2005 \u00ab2002, el sitio de Buenos Aires\u00bb Biblioteca Nacional, Bs As<\/p>\n<p>Centro C\u00edvico, Bariloche<\/p>\n<p>Sala Emilio Saraco, Neuqu\u00e9n<\/p>\n<p>2006 \u00abLos ojos del Brit\u00e1nico no se cierran\u00bb Galer\u00eda Arkis,Bs As<\/p>\n<p>2012 \u00abFractura expuesta\u00bb<\/p>\n<p>Fotogaler\u00eda Teatro Gral San Martin\/Bs As<\/p>\n<p>Casa de Am\u00e9rica\/Madrid<\/p>\n<p>Escuela de Arte \u00abLa llave\u00bb \/ Bariloche<\/p>\n<p>2013 Museo Bellas Artes\/ Luj\u00e1n<\/p>\n<p>Instituto Iberoam\u00e8ricano \/Berlin Centre Civic Pati Llimona\/ Barcelona<\/p>\n<p>Museo de arte y memoria\/ La Plata<\/p>\n<p>2014 Galer\u00eda de arte \u00abDie Brucke\u00bb \/ Azul<\/p>\n<p>2014 \u00abEl camino lateral\u00bb<\/p>\n<p>Instalaci\u00f3n mural con gigantograf\u00edas en conjunto con Gerardo Delloro<\/p>\n<p>en las paredes de la Maternidad Sarda.<\/p>\n<p>2017 \u00abFr\u00edo\u00bb<\/p>\n<p>Muestra en la galer\u00eda Urquiza de Buenos Aires junto a Mar\u00eda Eugenia Cerutti<\/p>\n<div id='gallery-1' class='gallery galleryid-2523 gallery-columns-3 gallery-size-thumbnail'><figure class='gallery-item'>\n\t\t\t<div class='gallery-icon landscape'>\n\t\t\t\t<a href='https:\/\/www.fototallermg.com.ar\/?attachment_id=2679'><img loading=\"lazy\" decoding=\"async\" width=\"150\" height=\"150\" src=\"https:\/\/www.fototallermg.com.ar\/wp-content\/uploads\/2018\/03\/Pis-a-los-polici\u00a6\u00fcas-1-150x150.jpg\" class=\"attachment-thumbnail size-thumbnail\" alt=\"\" \/><\/a>\n\t\t\t<\/div><\/figure><figure class='gallery-item'>\n\t\t\t<div class='gallery-icon landscape'>\n\t\t\t\t<a href='https:\/\/www.fototallermg.com.ar\/?attachment_id=2680'><img loading=\"lazy\" decoding=\"async\" width=\"150\" height=\"150\" src=\"https:\/\/www.fototallermg.com.ar\/wp-content\/uploads\/2018\/03\/03-Te\u00a6\u00fc-en-LAs-Violetas-150x150.jpg\" class=\"attachment-thumbnail size-thumbnail\" alt=\"\" aria-describedby=\"gallery-1-2680\" \/><\/a>\n\t\t\t<\/div>\n\t\t\t\t<figcaption class='wp-caption-text gallery-caption' id='gallery-1-2680'>\n\t\t\t\t05-09-2003-\rSe\u00f1oras toman el t\u00e9 en una tradicional confiter\u00eda de Buenos Aires, \u00abLAs Violetas\u00bb y sus miradas se cruzan con las de un grupode manifestantes.\rFOTO PEPE MATEOS\n\t\t\t\t<\/figcaption><\/figure><figure class='gallery-item'>\n\t\t\t<div class='gallery-icon landscape'>\n\t\t\t\t<a href='https:\/\/www.fototallermg.com.ar\/?attachment_id=2681'><img loading=\"lazy\" decoding=\"async\" width=\"150\" height=\"150\" src=\"https:\/\/www.fototallermg.com.ar\/wp-content\/uploads\/2018\/03\/12-incendio-en-Haedo-150x150.jpg\" class=\"attachment-thumbnail size-thumbnail\" alt=\"\" aria-describedby=\"gallery-1-2681\" \/><\/a>\n\t\t\t<\/div>\n\t\t\t\t<figcaption class='wp-caption-text gallery-caption' id='gallery-1-2681'>\n\t\t\t\t03nov2005-Incendio de trenes en la Estacion Haedo en la priovincia de Buenos Aires,provocado por un grupo indignado por los constantes problemas en el servicio.\n\t\t\t\t<\/figcaption><\/figure><figure class='gallery-item'>\n\t\t\t<div class='gallery-icon landscape'>\n\t\t\t\t<a href='https:\/\/www.fototallermg.com.ar\/?attachment_id=2683'><img loading=\"lazy\" decoding=\"async\" width=\"150\" height=\"150\" src=\"https:\/\/www.fototallermg.com.ar\/wp-content\/uploads\/2018\/03\/10649951_10205741673836145_1497890522896659379_n-150x150.jpg\" class=\"attachment-thumbnail size-thumbnail\" alt=\"\" \/><\/a>\n\t\t\t<\/div><\/figure><figure class='gallery-item'>\n\t\t\t<div class='gallery-icon landscape'>\n\t\t\t\t<a href='https:\/\/www.fototallermg.com.ar\/?attachment_id=2684'><img loading=\"lazy\" decoding=\"async\" width=\"150\" height=\"150\" src=\"https:\/\/www.fototallermg.com.ar\/wp-content\/uploads\/2018\/03\/13895315_10209076813812560_3463029940033491854_n-150x150.jpg\" class=\"attachment-thumbnail size-thumbnail\" alt=\"\" \/><\/a>\n\t\t\t<\/div><\/figure><figure class='gallery-item'>\n\t\t\t<div class='gallery-icon landscape'>\n\t\t\t\t<a href='https:\/\/www.fototallermg.com.ar\/?attachment_id=2685'><img loading=\"lazy\" decoding=\"async\" width=\"150\" height=\"150\" src=\"https:\/\/www.fototallermg.com.ar\/wp-content\/uploads\/2018\/03\/20840620_10212663133068300_3293238708547052811_n-150x150.jpg\" class=\"attachment-thumbnail size-thumbnail\" alt=\"\" \/><\/a>\n\t\t\t<\/div><\/figure><figure class='gallery-item'>\n\t\t\t<div class='gallery-icon landscape'>\n\t\t\t\t<a href='https:\/\/www.fototallermg.com.ar\/?attachment_id=2686'><img loading=\"lazy\" decoding=\"async\" width=\"150\" height=\"150\" src=\"https:\/\/www.fototallermg.com.ar\/wp-content\/uploads\/2018\/03\/22008229_10212992374859139_7623097414061788748_n-150x150.jpg\" class=\"attachment-thumbnail size-thumbnail\" alt=\"\" \/><\/a>\n\t\t\t<\/div><\/figure><figure class='gallery-item'>\n\t\t\t<div class='gallery-icon landscape'>\n\t\t\t\t<a href='https:\/\/www.fototallermg.com.ar\/?attachment_id=2687'><img loading=\"lazy\" decoding=\"async\" width=\"150\" height=\"150\" src=\"https:\/\/www.fototallermg.com.ar\/wp-content\/uploads\/2018\/03\/22046022_10212992396459679_9046502901136395590_n-150x150.jpg\" class=\"attachment-thumbnail size-thumbnail\" alt=\"\" \/><\/a>\n\t\t\t<\/div><\/figure><figure class='gallery-item'>\n\t\t\t<div class='gallery-icon landscape'>\n\t\t\t\t<a href='https:\/\/www.fototallermg.com.ar\/?attachment_id=2688'><img loading=\"lazy\" decoding=\"async\" width=\"150\" height=\"150\" src=\"https:\/\/www.fototallermg.com.ar\/wp-content\/uploads\/2018\/03\/25289669_10213620516842296_6254997582205933156_n-150x150.jpg\" class=\"attachment-thumbnail size-thumbnail\" alt=\"\" \/><\/a>\n\t\t\t<\/div><\/figure><figure class='gallery-item'>\n\t\t\t<div class='gallery-icon landscape'>\n\t\t\t\t<a href='https:\/\/www.fototallermg.com.ar\/?attachment_id=2689'><img loading=\"lazy\" decoding=\"async\" width=\"150\" height=\"150\" src=\"https:\/\/www.fototallermg.com.ar\/wp-content\/uploads\/2018\/03\/26168455_10213735581118831_2433133012923271010_n-150x150.jpg\" class=\"attachment-thumbnail size-thumbnail\" alt=\"\" \/><\/a>\n\t\t\t<\/div><\/figure><figure class='gallery-item'>\n\t\t\t<div class='gallery-icon landscape'>\n\t\t\t\t<a href='https:\/\/www.fototallermg.com.ar\/?attachment_id=2691'><img loading=\"lazy\" decoding=\"async\" width=\"150\" height=\"150\" src=\"https:\/\/www.fototallermg.com.ar\/wp-content\/uploads\/2018\/03\/brasil100-150x150.jpg\" class=\"attachment-thumbnail size-thumbnail\" alt=\"\" aria-describedby=\"gallery-1-2691\" \/><\/a>\n\t\t\t<\/div>\n\t\t\t\t<figcaption class='wp-caption-text gallery-caption' id='gallery-1-2691'>\n\t\t\t\t25-07festejos por el triunfo de brasil&#8230;&#8230;&#8230;&#8230;en Gonaives&#8230;&#8230;&#8230;Haiti&#8230;..  \r\nEL MUNDO\r\nfoto pepe mateos\n\t\t\t\t<\/figcaption><\/figure><figure class='gallery-item'>\n\t\t\t<div class='gallery-icon landscape'>\n\t\t\t\t<a href='https:\/\/www.fototallermg.com.ar\/?attachment_id=2692'><img loading=\"lazy\" decoding=\"async\" width=\"150\" height=\"150\" src=\"https:\/\/www.fototallermg.com.ar\/wp-content\/uploads\/2018\/03\/KIRCHNERISMO065-150x150.jpg\" class=\"attachment-thumbnail size-thumbnail\" alt=\"\" aria-describedby=\"gallery-1-2692\" \/><\/a>\n\t\t\t<\/div>\n\t\t\t\t<figcaption class='wp-caption-text gallery-caption' id='gallery-1-2692'>\n\t\t\t\t01-03-04 Inicio de sesiones en el Congreso&#8230;\r\nel pais \r\nfoto pepe mateos\n\t\t\t\t<\/figcaption><\/figure>\n\t\t<\/div>\n\n","protected":false},"excerpt":{"rendered":"<p>&nbsp; El S\u00e1bado 17 de marzo a las 17 hs Pepe Mateos har\u00e1izo un recorrido por su trabajo en el fotoperiodismo argentino y un debate sobre la actualidad de la fotografia. Pepe Mateos, Luj\u00e1n 1959 Fotografo, entre 1984 y 1986 estudi\u00f3 cine en el Instituto de Arte Cinematogr\u00e1fico de Avellaneda. En 1987 comenz\u00f3 a trabajar [&hellip;]<\/p>\n","protected":false},"author":1,"featured_media":2681,"comment_status":"open","ping_status":"open","sticky":false,"template":"","format":"standard","meta":{"_joinchat":[],"footnotes":""},"categories":[5],"tags":[],"class_list":["post-2523","post","type-post","status-publish","format-standard","has-post-thumbnail","hentry","category-blog"],"_links":{"self":[{"href":"https:\/\/www.fototallermg.com.ar\/index.php?rest_route=\/wp\/v2\/posts\/2523","targetHints":{"allow":["GET"]}}],"collection":[{"href":"https:\/\/www.fototallermg.com.ar\/index.php?rest_route=\/wp\/v2\/posts"}],"about":[{"href":"https:\/\/www.fototallermg.com.ar\/index.php?rest_route=\/wp\/v2\/types\/post"}],"author":[{"embeddable":true,"href":"https:\/\/www.fototallermg.com.ar\/index.php?rest_route=\/wp\/v2\/users\/1"}],"replies":[{"embeddable":true,"href":"https:\/\/www.fototallermg.com.ar\/index.php?rest_route=%2Fwp%2Fv2%2Fcomments&post=2523"}],"version-history":[{"count":6,"href":"https:\/\/www.fototallermg.com.ar\/index.php?rest_route=\/wp\/v2\/posts\/2523\/revisions"}],"predecessor-version":[{"id":2737,"href":"https:\/\/www.fototallermg.com.ar\/index.php?rest_route=\/wp\/v2\/posts\/2523\/revisions\/2737"}],"wp:featuredmedia":[{"embeddable":true,"href":"https:\/\/www.fototallermg.com.ar\/index.php?rest_route=\/wp\/v2\/media\/2681"}],"wp:attachment":[{"href":"https:\/\/www.fototallermg.com.ar\/index.php?rest_route=%2Fwp%2Fv2%2Fmedia&parent=2523"}],"wp:term":[{"taxonomy":"category","embeddable":true,"href":"https:\/\/www.fototallermg.com.ar\/index.php?rest_route=%2Fwp%2Fv2%2Fcategories&post=2523"},{"taxonomy":"post_tag","embeddable":true,"href":"https:\/\/www.fototallermg.com.ar\/index.php?rest_route=%2Fwp%2Fv2%2Ftags&post=2523"}],"curies":[{"name":"wp","href":"https:\/\/api.w.org\/{rel}","templated":true}]}}