{"id":3011,"date":"2018-03-30T09:17:36","date_gmt":"2018-03-30T12:17:36","guid":{"rendered":"http:\/\/www.fototallermg.com.ar\/?p=3011"},"modified":"2018-03-30T09:17:59","modified_gmt":"2018-03-30T12:17:59","slug":"charla-de-la-sal-de-plata-al-pixel","status":"publish","type":"post","link":"https:\/\/www.fototallermg.com.ar\/?p=3011","title":{"rendered":"Charla: De la sal de plata al pixel."},"content":{"rendered":"<div class=\"_5x46 _1yz1 clearfix\">\n<div class=\"clearfix _5va3\">\n<div class=\"clearfix _42ef\">\n<div class=\"_5va4\">\n<div class=\"_6a _5u5j\">\n<div class=\"_6a _5u5j _6b\">\n<p id=\"js_qm\" class=\"_14f3 _14f5 _5pbw _5vra\" data-ft=\"{&quot;tn&quot;:&quot;C&quot;}\"><strong>GABRIEL MAGRI &#8211; S\u00c1BADO 7 de ABRIL, 17 HS.<\/strong><\/p>\n<p data-ft=\"{&quot;tn&quot;:&quot;C&quot;}\">\u00abDe la sal de plata al pixel\u00bb<\/p>\n<h5 class=\"_14f3 _14f5 _5pbw _5vra\" data-ft=\"{&quot;tn&quot;:&quot;C&quot;}\">Charla y Proyecci\u00f3n<\/h5>\n<\/div>\n<\/div>\n<\/div>\n<\/div>\n<\/div>\n<\/div>\n<div id=\"js_qo\" class=\"_5pbx userContent _3576\" data-ft=\"{&quot;tn&quot;:&quot;K&quot;}\">\n<div id=\"id_5abe2a2a173906483448386\" class=\"text_exposed_root text_exposed\">\n<p>Un recorrido singular del artista y docente Gabriel Magri a trav\u00e9s de la Historia de la Fotograf\u00eda recorriendo lo que se profundizar\u00e1 en los pr\u00f3ximos seminarios.<\/p>\n<p>\u2022Mayo: <strong>\u00abEvoluci\u00f3n de la Fotograf\u00eda: una Historia Visual\u00bb<\/strong><br \/>\n\u2022Agosto: <strong>\u00abFotograf\u00eda, Concepto y Vanguardia\u00bb<\/strong><\/p>\n<div class=\"text_exposed_show\">\n<p>Charla gratuita.<br \/>\nNo se requieren conocimientos fotogr\u00e1ficos.<\/p>\n<p>&nbsp;<\/p>\n<\/div>\n<\/div>\n<\/div>\n","protected":false},"excerpt":{"rendered":"<p>GABRIEL MAGRI &#8211; S\u00c1BADO 7 de ABRIL, 17 HS. \u00abDe la sal de plata al pixel\u00bb Charla y Proyecci\u00f3n Un recorrido singular del artista y docente Gabriel Magri a trav\u00e9s de la Historia de la Fotograf\u00eda recorriendo lo que se profundizar\u00e1 en los pr\u00f3ximos seminarios. \u2022Mayo: \u00abEvoluci\u00f3n de la Fotograf\u00eda: una Historia Visual\u00bb \u2022Agosto: \u00abFotograf\u00eda, [&hellip;]<\/p>\n","protected":false},"author":1,"featured_media":3012,"comment_status":"closed","ping_status":"closed","sticky":false,"template":"","format":"standard","meta":{"_joinchat":[],"footnotes":""},"categories":[5],"tags":[],"class_list":["post-3011","post","type-post","status-publish","format-standard","has-post-thumbnail","hentry","category-blog"],"_links":{"self":[{"href":"https:\/\/www.fototallermg.com.ar\/index.php?rest_route=\/wp\/v2\/posts\/3011","targetHints":{"allow":["GET"]}}],"collection":[{"href":"https:\/\/www.fototallermg.com.ar\/index.php?rest_route=\/wp\/v2\/posts"}],"about":[{"href":"https:\/\/www.fototallermg.com.ar\/index.php?rest_route=\/wp\/v2\/types\/post"}],"author":[{"embeddable":true,"href":"https:\/\/www.fototallermg.com.ar\/index.php?rest_route=\/wp\/v2\/users\/1"}],"replies":[{"embeddable":true,"href":"https:\/\/www.fototallermg.com.ar\/index.php?rest_route=%2Fwp%2Fv2%2Fcomments&post=3011"}],"version-history":[{"count":2,"href":"https:\/\/www.fototallermg.com.ar\/index.php?rest_route=\/wp\/v2\/posts\/3011\/revisions"}],"predecessor-version":[{"id":3014,"href":"https:\/\/www.fototallermg.com.ar\/index.php?rest_route=\/wp\/v2\/posts\/3011\/revisions\/3014"}],"wp:featuredmedia":[{"embeddable":true,"href":"https:\/\/www.fototallermg.com.ar\/index.php?rest_route=\/wp\/v2\/media\/3012"}],"wp:attachment":[{"href":"https:\/\/www.fototallermg.com.ar\/index.php?rest_route=%2Fwp%2Fv2%2Fmedia&parent=3011"}],"wp:term":[{"taxonomy":"category","embeddable":true,"href":"https:\/\/www.fototallermg.com.ar\/index.php?rest_route=%2Fwp%2Fv2%2Fcategories&post=3011"},{"taxonomy":"post_tag","embeddable":true,"href":"https:\/\/www.fototallermg.com.ar\/index.php?rest_route=%2Fwp%2Fv2%2Ftags&post=3011"}],"curies":[{"name":"wp","href":"https:\/\/api.w.org\/{rel}","templated":true}]}}